{"id":241,"date":"2026-09-04T13:22:34","date_gmt":"2026-09-04T11:22:34","guid":{"rendered":"https:\/\/www.erikamerjava.cz\/?p=241"},"modified":"2026-09-04T13:32:51","modified_gmt":"2026-09-04T11:32:51","slug":"dilna-v-ramci-multizanroveho-festivalu-na-praze-10","status":"publish","type":"post","link":"https:\/\/www.erikamerjava.cz\/index.php\/2026\/09\/04\/dilna-v-ramci-multizanroveho-festivalu-na-praze-10\/","title":{"rendered":"20.9. divadeln\u00ed d\u00edlna \u0160vejk na \u010cech\u00e1\u010di"},"content":{"rendered":"\n<p class=\"wp-block-paragraph\">Srde\u010dn\u011b v\u00e1s zvu na divadeln\u00ed d\u00edlnu pro d\u011bti, p\u0159\u00edpadn\u011b jejich rodi\u010de, kterou vedu 20.9. v r\u00e1mci multi\u017e\u00e1nrov\u00e9ho festivalu na Praze 10 &#8222;Svejk na \u010cech\u00e1\u010di&#8220;. D\u00edlna bude v 15:00 hod ve Vr\u0161ovick\u00e9m divadle Mana a v 17:00 hod v liter\u00e1rn\u00edm centru Waldez<\/p>\n\n\n\n<div data-wp-interactive=\"core\/file\" class=\"wp-block-file\"><object data-wp-bind--hidden=\"!state.hasPdfPreview\" hidden class=\"wp-block-file__embed\" data=\"https:\/\/www.erikamerjava.cz\/wp-content\/uploads\/2026\/09\/A4_Svejk-na-Cechaci_BEZ-programu.pdf\" type=\"application\/pdf\" style=\"width:100%;height:600px\" aria-label=\"Vlo\u017eit z A4_\u0160vejk na \u010cech\u00e1\u010di_BEZ programu.\"><\/object><a id=\"wp-block-file--media-8aa3fb0a-d333-4b07-8d14-bb1cadf723b1\" href=\"https:\/\/www.erikamerjava.cz\/wp-content\/uploads\/2026\/09\/A4_Svejk-na-Cechaci_BEZ-programu.pdf\">A4_\u0160vejk na \u010cech\u00e1\u010di_BEZ programu<\/a><a href=\"https:\/\/www.erikamerjava.cz\/wp-content\/uploads\/2026\/09\/A4_Svejk-na-Cechaci_BEZ-programu.pdf\" class=\"wp-block-file__button wp-element-button\" download aria-describedby=\"wp-block-file--media-8aa3fb0a-d333-4b07-8d14-bb1cadf723b1\">St\u00e1hnout<\/a><\/div>\n","protected":false},"excerpt":{"rendered":"<p>Srde\u010dn\u011b v\u00e1s zvu na divadeln\u00ed d\u00edlnu pro d\u011bti, p\u0159\u00edpadn\u011b jejich rodi\u010de, kterou vedu 20.9. v r\u00e1mci multi\u017e\u00e1nrov\u00e9ho festivalu na Praze 10 &#8222;Svejk na \u010cech\u00e1\u010di&#8220;. D\u00edlna bude v 15:00 hod ve Vr\u0161ovick\u00e9m divadle Mana a v 17:00 hod v liter\u00e1rn\u00edm centru Waldez<\/p>\n","protected":false},"author":1,"featured_media":0,"comment_status":"open","ping_status":"open","sticky":false,"template":"","format":"standard","meta":{"episode_type":"","audio_file":"","podmotor_file_id":"","podmotor_episode_id":"","cover_image":"","cover_image_id":"","duration":"","filesize":"","filesize_raw":"","date_recorded":"","explicit":"","block":"","itunes_episode_number":"","itunes_title":"","itunes_season_number":"","itunes_episode_type":"","footnotes":""},"categories":[1],"tags":[],"class_list":["post-241","post","type-post","status-publish","format-standard","hentry","category-nezarazene"],"blocksy_meta":{"styles_descriptor":{"styles":{"desktop":"","tablet":"","mobile":""},"google_fonts":[],"version":7}},"aioseo_notices":[],"aioseo_head":"\n\t\t<!-- All in One SEO 5.0.1.1 - aioseo.com -->\n\t<meta name=\"description\" content=\"Srde\u010dn\u011b v\u00e1s zvu na divadeln\u00ed d\u00edlnu pro d\u011bti, p\u0159\u00edpadn\u011b jejich rodi\u010de, kterou vedu 20.9. v r\u00e1mci multi\u017e\u00e1nrov\u00e9ho festivalu na Praze 10 &quot;Svejk na \u010cech\u00e1\u010di&quot;. D\u00edlna bude v 15:00 hod ve Vr\u0161ovick\u00e9m divadle Mana a v 17:00 hod v liter\u00e1rn\u00edm centru Waldez A4_\u0160vejk na \u010cech\u00e1\u010di_BEZ programuSt\u00e1hnout\" \/>\n\t<meta name=\"robots\" content=\"max-image-preview:large\" \/>\n\t<meta name=\"author\" content=\"erika\"\/>\n\t<link rel=\"canonical\" href=\"https:\/\/www.erikamerjava.cz\/index.php\/2026\/09\/04\/dilna-v-ramci-multizanroveho-festivalu-na-praze-10\/\" \/>\n\t<meta name=\"generator\" content=\"All in One SEO (AIOSEO) 5.0.1.1\" \/>\n\t\t<meta property=\"og:locale\" content=\"cs_CZ\" \/>\n\t\t<meta property=\"og:site_name\" content=\"Erika Merjav\u00e1 -\" \/>\n\t\t<meta property=\"og:type\" content=\"article\" \/>\n\t\t<meta property=\"og:title\" content=\"20.9. divadeln\u00ed d\u00edlna \u0160vejk na \u010cech\u00e1\u010di - Erika Merjav\u00e1\" \/>\n\t\t<meta property=\"og:description\" content=\"Srde\u010dn\u011b v\u00e1s zvu na divadeln\u00ed d\u00edlnu pro d\u011bti, p\u0159\u00edpadn\u011b jejich rodi\u010de, kterou vedu 20.9. v r\u00e1mci multi\u017e\u00e1nrov\u00e9ho festivalu na Praze 10 &quot;Svejk na \u010cech\u00e1\u010di&quot;. D\u00edlna bude v 15:00 hod ve Vr\u0161ovick\u00e9m divadle Mana a v 17:00 hod v liter\u00e1rn\u00edm centru Waldez A4_\u0160vejk na \u010cech\u00e1\u010di_BEZ programuSt\u00e1hnout\" \/>\n\t\t<meta property=\"og:url\" content=\"https:\/\/www.erikamerjava.cz\/index.php\/2026\/09\/04\/dilna-v-ramci-multizanroveho-festivalu-na-praze-10\/\" \/>\n\t\t<meta property=\"article:published_time\" content=\"2026-09-04T11:22:34+00:00\" \/>\n\t\t<meta property=\"article:modified_time\" content=\"2026-09-04T11:32:51+00:00\" \/>\n\t\t<meta name=\"twitter:card\" content=\"summary_large_image\" \/>\n\t\t<meta name=\"twitter:title\" content=\"20.9. divadeln\u00ed d\u00edlna \u0160vejk na \u010cech\u00e1\u010di - Erika Merjav\u00e1\" \/>\n\t\t<meta name=\"twitter:description\" content=\"Srde\u010dn\u011b v\u00e1s zvu na divadeln\u00ed d\u00edlnu pro d\u011bti, p\u0159\u00edpadn\u011b jejich rodi\u010de, kterou vedu 20.9. v r\u00e1mci multi\u017e\u00e1nrov\u00e9ho festivalu na Praze 10 &quot;Svejk na \u010cech\u00e1\u010di&quot;. D\u00edlna bude v 15:00 hod ve Vr\u0161ovick\u00e9m divadle Mana a v 17:00 hod v liter\u00e1rn\u00edm centru Waldez A4_\u0160vejk na \u010cech\u00e1\u010di_BEZ programuSt\u00e1hnout\" \/>\n\t\t<script type=\"application\/ld+json\" class=\"aioseo-schema\">\n\t\t\t{\"@context\":\"https:\\\/\\\/schema.org\",\"@graph\":[{\"@type\":\"BlogPosting\",\"@id\":\"https:\\\/\\\/www.erikamerjava.cz\\\/index.php\\\/2026\\\/09\\\/04\\\/dilna-v-ramci-multizanroveho-festivalu-na-praze-10\\\/#blogposting\",\"name\":\"20.9. divadeln\\u00ed d\\u00edlna \\u0160vejk na \\u010cech\\u00e1\\u010di - Erika Merjav\\u00e1\",\"headline\":\"20.9. divadeln\\u00ed d\\u00edlna \\u0160vejk na \\u010cech\\u00e1\\u010di\",\"author\":{\"@id\":\"https:\\\/\\\/www.erikamerjava.cz\\\/index.php\\\/author\\\/erika\\\/#author\"},\"publisher\":{\"@id\":\"https:\\\/\\\/www.erikamerjava.cz\\\/#organization\"},\"datePublished\":\"2026-09-04T13:22:34+02:00\",\"dateModified\":\"2026-09-04T13:32:51+02:00\",\"inLanguage\":\"cs-CZ\",\"mainEntityOfPage\":{\"@id\":\"https:\\\/\\\/www.erikamerjava.cz\\\/index.php\\\/2026\\\/09\\\/04\\\/dilna-v-ramci-multizanroveho-festivalu-na-praze-10\\\/#webpage\"},\"isPartOf\":{\"@id\":\"https:\\\/\\\/www.erikamerjava.cz\\\/index.php\\\/2026\\\/09\\\/04\\\/dilna-v-ramci-multizanroveho-festivalu-na-praze-10\\\/#webpage\"},\"articleSection\":\"Neza\\u0159azen\\u00e9\"},{\"@type\":\"BreadcrumbList\",\"@id\":\"https:\\\/\\\/www.erikamerjava.cz\\\/index.php\\\/2026\\\/09\\\/04\\\/dilna-v-ramci-multizanroveho-festivalu-na-praze-10\\\/#breadcrumblist\",\"itemListElement\":[{\"@type\":\"ListItem\",\"@id\":\"https:\\\/\\\/www.erikamerjava.cz#listItem\",\"position\":1,\"name\":\"Home\",\"item\":\"https:\\\/\\\/www.erikamerjava.cz\",\"nextItem\":{\"@type\":\"ListItem\",\"@id\":\"https:\\\/\\\/www.erikamerjava.cz\\\/index.php\\\/category\\\/nezarazene\\\/#listItem\",\"name\":\"Neza\\u0159azen\\u00e9\"}},{\"@type\":\"ListItem\",\"@id\":\"https:\\\/\\\/www.erikamerjava.cz\\\/index.php\\\/category\\\/nezarazene\\\/#listItem\",\"position\":2,\"name\":\"Neza\\u0159azen\\u00e9\",\"item\":\"https:\\\/\\\/www.erikamerjava.cz\\\/index.php\\\/category\\\/nezarazene\\\/\",\"nextItem\":{\"@type\":\"ListItem\",\"@id\":\"https:\\\/\\\/www.erikamerjava.cz\\\/index.php\\\/2026\\\/09\\\/04\\\/dilna-v-ramci-multizanroveho-festivalu-na-praze-10\\\/#listItem\",\"name\":\"20.9. divadeln\\u00ed d\\u00edlna \\u0160vejk na \\u010cech\\u00e1\\u010di\"},\"previousItem\":{\"@type\":\"ListItem\",\"@id\":\"https:\\\/\\\/www.erikamerjava.cz#listItem\",\"name\":\"Home\"}},{\"@type\":\"ListItem\",\"@id\":\"https:\\\/\\\/www.erikamerjava.cz\\\/index.php\\\/2026\\\/09\\\/04\\\/dilna-v-ramci-multizanroveho-festivalu-na-praze-10\\\/#listItem\",\"position\":3,\"name\":\"20.9. divadeln\\u00ed d\\u00edlna \\u0160vejk na \\u010cech\\u00e1\\u010di\",\"previousItem\":{\"@type\":\"ListItem\",\"@id\":\"https:\\\/\\\/www.erikamerjava.cz\\\/index.php\\\/category\\\/nezarazene\\\/#listItem\",\"name\":\"Neza\\u0159azen\\u00e9\"}}]},{\"@type\":\"Organization\",\"@id\":\"https:\\\/\\\/www.erikamerjava.cz\\\/#organization\",\"name\":\"Erika Merjav\\u00e1\",\"url\":\"https:\\\/\\\/www.erikamerjava.cz\\\/\"},{\"@type\":\"Person\",\"@id\":\"https:\\\/\\\/www.erikamerjava.cz\\\/index.php\\\/author\\\/erika\\\/#author\",\"url\":\"https:\\\/\\\/www.erikamerjava.cz\\\/index.php\\\/author\\\/erika\\\/\",\"name\":\"erika\",\"image\":{\"@type\":\"ImageObject\",\"@id\":\"https:\\\/\\\/www.erikamerjava.cz\\\/index.php\\\/2026\\\/09\\\/04\\\/dilna-v-ramci-multizanroveho-festivalu-na-praze-10\\\/#authorImage\",\"url\":\"https:\\\/\\\/secure.gravatar.com\\\/avatar\\\/4d3e1a0754864866d42d697248e8b72a93e1b353dbb8e0ce4023014567037adf?s=96&d=mm&r=g\",\"width\":96,\"height\":96,\"caption\":\"erika\"}},{\"@type\":\"WebPage\",\"@id\":\"https:\\\/\\\/www.erikamerjava.cz\\\/index.php\\\/2026\\\/09\\\/04\\\/dilna-v-ramci-multizanroveho-festivalu-na-praze-10\\\/#webpage\",\"url\":\"https:\\\/\\\/www.erikamerjava.cz\\\/index.php\\\/2026\\\/09\\\/04\\\/dilna-v-ramci-multizanroveho-festivalu-na-praze-10\\\/\",\"name\":\"20.9. divadeln\\u00ed d\\u00edlna \\u0160vejk na \\u010cech\\u00e1\\u010di - Erika Merjav\\u00e1\",\"description\":\"Srde\\u010dn\\u011b v\\u00e1s zvu na divadeln\\u00ed d\\u00edlnu pro d\\u011bti, p\\u0159\\u00edpadn\\u011b jejich rodi\\u010de, kterou vedu 20.9. v r\\u00e1mci multi\\u017e\\u00e1nrov\\u00e9ho festivalu na Praze 10 \\\"Svejk na \\u010cech\\u00e1\\u010di\\\". D\\u00edlna bude v 15:00 hod ve Vr\\u0161ovick\\u00e9m divadle Mana a v 17:00 hod v liter\\u00e1rn\\u00edm centru Waldez A4_\\u0160vejk na \\u010cech\\u00e1\\u010di_BEZ programuSt\\u00e1hnout\",\"inLanguage\":\"cs-CZ\",\"isPartOf\":{\"@id\":\"https:\\\/\\\/www.erikamerjava.cz\\\/#website\"},\"breadcrumb\":{\"@id\":\"https:\\\/\\\/www.erikamerjava.cz\\\/index.php\\\/2026\\\/09\\\/04\\\/dilna-v-ramci-multizanroveho-festivalu-na-praze-10\\\/#breadcrumblist\"},\"author\":{\"@id\":\"https:\\\/\\\/www.erikamerjava.cz\\\/index.php\\\/author\\\/erika\\\/#author\"},\"creator\":{\"@id\":\"https:\\\/\\\/www.erikamerjava.cz\\\/index.php\\\/author\\\/erika\\\/#author\"},\"datePublished\":\"2026-09-04T13:22:34+02:00\",\"dateModified\":\"2026-09-04T13:32:51+02:00\"},{\"@type\":\"WebSite\",\"@id\":\"https:\\\/\\\/www.erikamerjava.cz\\\/#website\",\"url\":\"https:\\\/\\\/www.erikamerjava.cz\\\/\",\"name\":\"Erika Merjav\\u00e1\",\"inLanguage\":\"cs-CZ\",\"publisher\":{\"@id\":\"https:\\\/\\\/www.erikamerjava.cz\\\/#organization\"}}]}\n\t\t<\/script>\n\t\t<!-- All in One SEO -->\n\n","aioseo_head_json":{"title":"20.9. divadeln\u00ed d\u00edlna \u0160vejk na \u010cech\u00e1\u010di - Erika Merjav\u00e1","description":"Srde\u010dn\u011b v\u00e1s zvu na divadeln\u00ed d\u00edlnu pro d\u011bti, p\u0159\u00edpadn\u011b jejich rodi\u010de, kterou vedu 20.9. v r\u00e1mci multi\u017e\u00e1nrov\u00e9ho festivalu na Praze 10 \"Svejk na \u010cech\u00e1\u010di\". D\u00edlna bude v 15:00 hod ve Vr\u0161ovick\u00e9m divadle Mana a v 17:00 hod v liter\u00e1rn\u00edm centru Waldez A4_\u0160vejk na \u010cech\u00e1\u010di_BEZ programuSt\u00e1hnout","canonical_url":"https:\/\/www.erikamerjava.cz\/index.php\/2026\/09\/04\/dilna-v-ramci-multizanroveho-festivalu-na-praze-10\/","robots":"max-image-preview:large","keywords":"","webmasterTools":{"miscellaneous":""},"schema":{"@context":"https:\/\/schema.org","@graph":[{"@type":"BlogPosting","@id":"https:\/\/www.erikamerjava.cz\/index.php\/2026\/09\/04\/dilna-v-ramci-multizanroveho-festivalu-na-praze-10\/#blogposting","name":"20.9. divadeln\u00ed d\u00edlna \u0160vejk na \u010cech\u00e1\u010di - Erika Merjav\u00e1","headline":"20.9. divadeln\u00ed d\u00edlna \u0160vejk na \u010cech\u00e1\u010di","author":{"@id":"https:\/\/www.erikamerjava.cz\/index.php\/author\/erika\/#author"},"publisher":{"@id":"https:\/\/www.erikamerjava.cz\/#organization"},"datePublished":"2026-09-04T13:22:34+02:00","dateModified":"2026-09-04T13:32:51+02:00","inLanguage":"cs-CZ","mainEntityOfPage":{"@id":"https:\/\/www.erikamerjava.cz\/index.php\/2026\/09\/04\/dilna-v-ramci-multizanroveho-festivalu-na-praze-10\/#webpage"},"isPartOf":{"@id":"https:\/\/www.erikamerjava.cz\/index.php\/2026\/09\/04\/dilna-v-ramci-multizanroveho-festivalu-na-praze-10\/#webpage"},"articleSection":"Neza\u0159azen\u00e9"},{"@type":"BreadcrumbList","@id":"https:\/\/www.erikamerjava.cz\/index.php\/2026\/09\/04\/dilna-v-ramci-multizanroveho-festivalu-na-praze-10\/#breadcrumblist","itemListElement":[{"@type":"ListItem","@id":"https:\/\/www.erikamerjava.cz#listItem","position":1,"name":"Home","item":"https:\/\/www.erikamerjava.cz","nextItem":{"@type":"ListItem","@id":"https:\/\/www.erikamerjava.cz\/index.php\/category\/nezarazene\/#listItem","name":"Neza\u0159azen\u00e9"}},{"@type":"ListItem","@id":"https:\/\/www.erikamerjava.cz\/index.php\/category\/nezarazene\/#listItem","position":2,"name":"Neza\u0159azen\u00e9","item":"https:\/\/www.erikamerjava.cz\/index.php\/category\/nezarazene\/","nextItem":{"@type":"ListItem","@id":"https:\/\/www.erikamerjava.cz\/index.php\/2026\/09\/04\/dilna-v-ramci-multizanroveho-festivalu-na-praze-10\/#listItem","name":"20.9. divadeln\u00ed d\u00edlna \u0160vejk na \u010cech\u00e1\u010di"},"previousItem":{"@type":"ListItem","@id":"https:\/\/www.erikamerjava.cz#listItem","name":"Home"}},{"@type":"ListItem","@id":"https:\/\/www.erikamerjava.cz\/index.php\/2026\/09\/04\/dilna-v-ramci-multizanroveho-festivalu-na-praze-10\/#listItem","position":3,"name":"20.9. divadeln\u00ed d\u00edlna \u0160vejk na \u010cech\u00e1\u010di","previousItem":{"@type":"ListItem","@id":"https:\/\/www.erikamerjava.cz\/index.php\/category\/nezarazene\/#listItem","name":"Neza\u0159azen\u00e9"}}]},{"@type":"Organization","@id":"https:\/\/www.erikamerjava.cz\/#organization","name":"Erika Merjav\u00e1","url":"https:\/\/www.erikamerjava.cz\/"},{"@type":"Person","@id":"https:\/\/www.erikamerjava.cz\/index.php\/author\/erika\/#author","url":"https:\/\/www.erikamerjava.cz\/index.php\/author\/erika\/","name":"erika","image":{"@type":"ImageObject","@id":"https:\/\/www.erikamerjava.cz\/index.php\/2026\/09\/04\/dilna-v-ramci-multizanroveho-festivalu-na-praze-10\/#authorImage","url":"https:\/\/secure.gravatar.com\/avatar\/4d3e1a0754864866d42d697248e8b72a93e1b353dbb8e0ce4023014567037adf?s=96&d=mm&r=g","width":96,"height":96,"caption":"erika"}},{"@type":"WebPage","@id":"https:\/\/www.erikamerjava.cz\/index.php\/2026\/09\/04\/dilna-v-ramci-multizanroveho-festivalu-na-praze-10\/#webpage","url":"https:\/\/www.erikamerjava.cz\/index.php\/2026\/09\/04\/dilna-v-ramci-multizanroveho-festivalu-na-praze-10\/","name":"20.9. divadeln\u00ed d\u00edlna \u0160vejk na \u010cech\u00e1\u010di - Erika Merjav\u00e1","description":"Srde\u010dn\u011b v\u00e1s zvu na divadeln\u00ed d\u00edlnu pro d\u011bti, p\u0159\u00edpadn\u011b jejich rodi\u010de, kterou vedu 20.9. v r\u00e1mci multi\u017e\u00e1nrov\u00e9ho festivalu na Praze 10 \"Svejk na \u010cech\u00e1\u010di\". D\u00edlna bude v 15:00 hod ve Vr\u0161ovick\u00e9m divadle Mana a v 17:00 hod v liter\u00e1rn\u00edm centru Waldez A4_\u0160vejk na \u010cech\u00e1\u010di_BEZ programuSt\u00e1hnout","inLanguage":"cs-CZ","isPartOf":{"@id":"https:\/\/www.erikamerjava.cz\/#website"},"breadcrumb":{"@id":"https:\/\/www.erikamerjava.cz\/index.php\/2026\/09\/04\/dilna-v-ramci-multizanroveho-festivalu-na-praze-10\/#breadcrumblist"},"author":{"@id":"https:\/\/www.erikamerjava.cz\/index.php\/author\/erika\/#author"},"creator":{"@id":"https:\/\/www.erikamerjava.cz\/index.php\/author\/erika\/#author"},"datePublished":"2026-09-04T13:22:34+02:00","dateModified":"2026-09-04T13:32:51+02:00"},{"@type":"WebSite","@id":"https:\/\/www.erikamerjava.cz\/#website","url":"https:\/\/www.erikamerjava.cz\/","name":"Erika Merjav\u00e1","inLanguage":"cs-CZ","publisher":{"@id":"https:\/\/www.erikamerjava.cz\/#organization"}}]},"og:locale":"cs_CZ","og:site_name":"Erika Merjav\u00e1 -","og:type":"article","og:title":"20.9. divadeln\u00ed d\u00edlna \u0160vejk na \u010cech\u00e1\u010di - Erika Merjav\u00e1","og:description":"Srde\u010dn\u011b v\u00e1s zvu na divadeln\u00ed d\u00edlnu pro d\u011bti, p\u0159\u00edpadn\u011b jejich rodi\u010de, kterou vedu 20.9. v r\u00e1mci multi\u017e\u00e1nrov\u00e9ho festivalu na Praze 10 &quot;Svejk na \u010cech\u00e1\u010di&quot;. D\u00edlna bude v 15:00 hod ve Vr\u0161ovick\u00e9m divadle Mana a v 17:00 hod v liter\u00e1rn\u00edm centru Waldez A4_\u0160vejk na \u010cech\u00e1\u010di_BEZ programuSt\u00e1hnout","og:url":"https:\/\/www.erikamerjava.cz\/index.php\/2026\/09\/04\/dilna-v-ramci-multizanroveho-festivalu-na-praze-10\/","article:published_time":"2026-09-04T11:22:34+00:00","article:modified_time":"2026-09-04T11:32:51+00:00","twitter:card":"summary_large_image","twitter:title":"20.9. divadeln\u00ed d\u00edlna \u0160vejk na \u010cech\u00e1\u010di - Erika Merjav\u00e1","twitter:description":"Srde\u010dn\u011b v\u00e1s zvu na divadeln\u00ed d\u00edlnu pro d\u011bti, p\u0159\u00edpadn\u011b jejich rodi\u010de, kterou vedu 20.9. v r\u00e1mci multi\u017e\u00e1nrov\u00e9ho festivalu na Praze 10 &quot;Svejk na \u010cech\u00e1\u010di&quot;. D\u00edlna bude v 15:00 hod ve Vr\u0161ovick\u00e9m divadle Mana a v 17:00 hod v liter\u00e1rn\u00edm centru Waldez A4_\u0160vejk na \u010cech\u00e1\u010di_BEZ programuSt\u00e1hnout"},"aioseo_meta_data":{"post_id":"241","title":null,"description":null,"keywords":null,"keyphrases":{"focus":{"keyphrase":"","score":0,"analysis":{"keyphraseInTitle":{"score":0,"maxScore":9,"error":1}}},"additional":[]},"focus_keyword":null,"additional_keywords":null,"truseo_locale":null,"primary_term":null,"canonical_url":null,"og_title":null,"og_description":null,"og_object_type":"default","og_image_type":"default","og_image_custom_url":null,"og_image_custom_fields":null,"og_image_url":null,"og_image_width":null,"og_image_height":null,"og_video":"","og_custom_url":null,"og_article_section":null,"og_article_tags":null,"twitter_use_og":false,"twitter_card":"default","twitter_image_type":"default","twitter_image_custom_url":null,"twitter_image_custom_fields":null,"twitter_image_url":null,"twitter_title":null,"twitter_description":null,"schema_type":"default","schema_type_options":null,"schema":{"blockGraphs":[],"customGraphs":[],"default":{"data":{"Article":[],"Course":[],"Dataset":[],"FAQPage":[],"Movie":[],"Person":[],"Product":[],"ProductReview":[],"Car":[],"Recipe":[],"Service":[],"SoftwareApplication":[],"WebPage":[]},"graphName":"BlogPosting","isEnabled":true},"graphs":[]},"pillar_content":false,"robots_default":true,"robots_noindex":false,"robots_noarchive":false,"robots_nosnippet":false,"robots_nofollow":false,"robots_noimageindex":false,"robots_noodp":false,"robots_notranslate":false,"robots_max_snippet":"-1","robots_max_videopreview":"-1","robots_max_imagepreview":"large","priority":null,"frequency":"default","local_seo":null,"limit_modified_date":false,"ai":{"faqs":[],"keyPoints":[],"schemas":[],"titles":[],"descriptions":[],"socialPosts":{"email":{"subject":"","preview":"","content":""},"linkedin":[],"twitter":[],"facebook":[],"instagram":[]}},"breadcrumb_settings":null,"seo_analyzer_scan_date":null,"created":"2026-09-04 11:22:34","updated":"2026-09-04 20:16:24"},"aioseo_breadcrumb":"<div class=\"aioseo-breadcrumbs\"><span class=\"aioseo-breadcrumb\">\n\t\t\t<a href=\"https:\/\/www.erikamerjava.cz\" title=\"Home\">Home<\/a>\n\t\t<\/span><span class=\"aioseo-breadcrumb-separator\">&raquo;<\/span><span class=\"aioseo-breadcrumb\">\n\t\t\t<a href=\"https:\/\/www.erikamerjava.cz\/index.php\/category\/nezarazene\/\" title=\"Neza\u0159azen\u00e9\">Neza\u0159azen\u00e9<\/a>\n\t\t<\/span><span class=\"aioseo-breadcrumb-separator\">&raquo;<\/span><span class=\"aioseo-breadcrumb\">\n\t\t\t20.9. divadeln\u00ed d\u00edlna \u0160vejk na \u010cech\u00e1\u010di\n\t\t<\/span><\/div>","aioseo_breadcrumb_json":[{"label":"Home","link":"https:\/\/www.erikamerjava.cz"},{"label":"Neza\u0159azen\u00e9","link":"https:\/\/www.erikamerjava.cz\/index.php\/category\/nezarazene\/"},{"label":"20.9. divadeln\u00ed d\u00edlna \u0160vejk na \u010cech\u00e1\u010di","link":"https:\/\/www.erikamerjava.cz\/index.php\/2026\/09\/04\/dilna-v-ramci-multizanroveho-festivalu-na-praze-10\/"}],"_links":{"self":[{"href":"https:\/\/www.erikamerjava.cz\/index.php\/wp-json\/wp\/v2\/posts\/241","targetHints":{"allow":["GET"]}}],"collection":[{"href":"https:\/\/www.erikamerjava.cz\/index.php\/wp-json\/wp\/v2\/posts"}],"about":[{"href":"https:\/\/www.erikamerjava.cz\/index.php\/wp-json\/wp\/v2\/types\/post"}],"author":[{"embeddable":true,"href":"https:\/\/www.erikamerjava.cz\/index.php\/wp-json\/wp\/v2\/users\/1"}],"replies":[{"embeddable":true,"href":"https:\/\/www.erikamerjava.cz\/index.php\/wp-json\/wp\/v2\/comments?post=241"}],"version-history":[{"count":5,"href":"https:\/\/www.erikamerjava.cz\/index.php\/wp-json\/wp\/v2\/posts\/241\/revisions"}],"predecessor-version":[{"id":253,"href":"https:\/\/www.erikamerjava.cz\/index.php\/wp-json\/wp\/v2\/posts\/241\/revisions\/253"}],"wp:attachment":[{"href":"https:\/\/www.erikamerjava.cz\/index.php\/wp-json\/wp\/v2\/media?parent=241"}],"wp:term":[{"taxonomy":"category","embeddable":true,"href":"https:\/\/www.erikamerjava.cz\/index.php\/wp-json\/wp\/v2\/categories?post=241"},{"taxonomy":"post_tag","embeddable":true,"href":"https:\/\/www.erikamerjava.cz\/index.php\/wp-json\/wp\/v2\/tags?post=241"}],"curies":[{"name":"wp","href":"https:\/\/api.w.org\/{rel}","templated":true}]}}